[{"@context":"https:\/\/schema.org\/","@type":"Article","@id":"https:\/\/www.bohnicka.cz\/vyhnete-se-upalu-a-riziku-infarktu-ci-mozkove-mrtvice\/#Article","mainEntityOfPage":"https:\/\/www.bohnicka.cz\/vyhnete-se-upalu-a-riziku-infarktu-ci-mozkove-mrtvice\/","headline":"Vyhn\u011bte se \u00fapalu a riziku infarktu \u010di mozkov\u00e9 mrtvice","name":"Vyhn\u011bte se \u00fapalu a riziku infarktu \u010di mozkov\u00e9 mrtvice","description":"S n\u00e1stupem l\u00e9ta se v\u011bt\u0161ina z n\u00e1s t\u011b\u0161\u00ed, a\u017e kone\u010dn\u011b svl\u00e9kneme mikiny, tepl\u00e1ky a dlouh\u00e9 kalhoty a oble\u010deme se do kra\u0165as\u016f a t\u00edlek a vyjdeme ven na ulici naboso v tenk\u00fdch sand\u00e1lech. Je to fajn pocit obl\u00e9kat se jen do... <a class=\"more-link\" href=\"https:\/\/www.bohnicka.cz\/vyhnete-se-upalu-a-riziku-infarktu-ci-mozkove-mrtvice\/\">Pokra\u010dovat ve \u010dten\u00ed &rarr;<\/a>","datePublished":"2022-12-02","dateModified":"2023-04-30","author":{"@type":"Person","@id":"https:\/\/www.bohnicka.cz\/author\/#Person","name":"","url":"https:\/\/www.bohnicka.cz\/author\/","identifier":1,"image":{"@type":"ImageObject","@id":"https:\/\/secure.gravatar.com\/avatar\/b70ca3e57a61efa655568ea1bab21ec867ae74beaf8b182b9ca53fe6fcb8cee7?s=96&d=mm&r=g","url":"https:\/\/secure.gravatar.com\/avatar\/b70ca3e57a61efa655568ea1bab21ec867ae74beaf8b182b9ca53fe6fcb8cee7?s=96&d=mm&r=g","height":96,"width":96}},"publisher":{"@type":"Organization","name":"bohnicka.cz","logo":{"@type":"ImageObject","@id":"\/logo.png","url":"\/logo.png","width":600,"height":60}},"image":{"@type":"ImageObject","@id":"https:\/\/www.bohnicka.cz\/wp-content\/uploads\/air-conditioner-g6c172d5b3_640.jpg","url":"https:\/\/www.bohnicka.cz\/wp-content\/uploads\/air-conditioner-g6c172d5b3_640.jpg","height":0,"width":0},"url":"https:\/\/www.bohnicka.cz\/vyhnete-se-upalu-a-riziku-infarktu-ci-mozkove-mrtvice\/","about":["Zbo\u017e\u00ed"],"wordCount":431,"articleBody":"   S n\u00e1stupem l\u00e9ta se v\u011bt\u0161ina z n\u00e1s t\u011b\u0161\u00ed, a\u017e kone\u010dn\u011b svl\u00e9kneme mikiny, tepl\u00e1ky a dlouh\u00e9 kalhoty a oble\u010deme se do kra\u0165as\u016f a t\u00edlek a vyjdeme ven na ulici naboso v tenk\u00fdch sand\u00e1lech. Je to fajn pocit obl\u00e9kat se jen do lehk\u00e9ho od\u011bvu a vn\u00edmat tu neskute\u010dnou pohodu a spoustu energie ze slunce a z okoln\u00ed p\u0159\u00edrody.P\u0159\u00edjemn\u00e9 pocity se v\u0161ak v l\u00e9t\u011b dostavuj\u00ed jen za ur\u010dit\u00fdch podm\u00ednek. V prvn\u00ed \u0159ad\u011b je l\u00e9to mnohem p\u0159\u00edjemn\u011bj\u0161\u00ed venku v p\u0159\u00edrod\u011b, tedy nap\u0159\u00edklad na venkov\u011b, a je\u0161t\u011b l\u00e9pe v rekrea\u010dn\u00ed oblasti, v chytov\u00e9 osad\u011b, kde je mo\u017en\u00e9 vyb\u011bhnout ven k \u0159ece, vykoupat se, posed\u011bt na terase s p\u011bkn\u00fdm v\u00fdhledem, anebo u \u0159eky z\u016fstat d\u00e9le a m\u00edt tu k dispozici pramici nebo k\u00e1noe. K l\u00e9tu tak\u00e9 pat\u0159\u00ed i vy\u0161\u0161\u00ed teploty vzduchu, a jestli\u017ee rtu\u0165 teplom\u011bru vystoup\u00e1 nad 25 stup\u0148\u016f Celsia, velmi z\u00e1le\u017e\u00ed na tom, kde se v tu chv\u00edli pohybujeme.Uv\u00e1d\u011bli jsme zde p\u0159\u00edklad pohodov\u00e9ho l\u00e9ta u vody a na chalup\u011b u lesa, ale co lid\u00e9 ve m\u011bstech, kte\u0159\u00ed \u017eij\u00ed v betonov\u00e9 d\u017eungli, mus\u00ed chodit do zam\u011bstn\u00e1n\u00ed, cestuj\u00ed m\u011bstskou hromadnou dopravou a p\u0159\u00edroda jim nen\u00ed na dosah. Ve m\u011bstech tak\u00e9 b\u00fdv\u00e1 vy\u0161\u0161\u00ed teplota ovzdu\u0161\u00ed d\u00edky velk\u00e9mu mno\u017estv\u00ed zd\u011bn\u00fdch staveb na \u00fakor p\u0159\u00edrodn\u00edch rezervo\u00e1r\u016f se z\u00e1porn\u00fdmi ionty.Lid\u00e9 ve m\u011bstech jsou \u010dastokr\u00e1t odk\u00e1z\u00e1ni na klimatizaci. Klimatizace v Praze https:\/\/elmontech.cz\/klimatizace\/ je pak jeden z m\u00e1la pomocn\u00edk\u016f, kte\u0159\u00ed chr\u00e1n\u00ed p\u0159ed nebezpe\u010d\u00edm vzniku \u00fapalu, tedy p\u0159eh\u0159\u00e1t\u00ed organismu vlivem vysok\u00fdch teplot.\u00dapalem jsou ve m\u011bstech nejv\u00edce ohro\u017eeny zejm\u00e9na n\u011bkter\u00e9 skupiny obyvatel, jako jsou lid\u00e9 chronicky nemocn\u00ed, osoby po infarktu myokardu \u010di c\u00e9vn\u00ed mozkov\u00e9 p\u0159\u00edhod\u011b, senio\u0159i, t\u011bhotn\u00e9 budouc\u00ed maminky a mal\u00e9 d\u011bti. P\u0159ed \u00fapalem je v l\u00e9t\u011b velmi obt\u00ed\u017en\u00e9 se chr\u00e1nit, nem\u00e1te-li vhodn\u00fd zdroj, kter\u00fd by organismus zchladil a zklidnil, jestli\u017ee toti\u017e pob\u00fdv\u00e1te del\u0161\u00ed dobu v prost\u0159ed\u00ed s teplotami nad 36 stup\u0148\u016f Celsia, co\u017e je v\u00edc, ne\u017e t\u011blesn\u00e1 teplota, ta se m\u016f\u017ee zv\u00fd\u0161it a\u017e na \u00farove\u0148 hore\u010dky, a trv\u00e1-li tento stav p\u0159\u00edli\u0161 dlouho, m\u016f\u017ee nastat kolaps organismu a smrt.                                                                                                                                                                                                                                                                                                                                                                                          3.4\/5 - (5 votes)        "},{"@context":"https:\/\/schema.org\/","@type":"BreadcrumbList","itemListElement":[{"@type":"ListItem","position":1,"name":"Vyhn\u011bte se \u00fapalu a riziku infarktu \u010di mozkov\u00e9 mrtvice","item":"https:\/\/www.bohnicka.cz\/vyhnete-se-upalu-a-riziku-infarktu-ci-mozkove-mrtvice\/#breadcrumbitem"}]}]