[{"@context":"https:\/\/schema.org\/","@type":"Article","@id":"https:\/\/www.bohnicka.cz\/vlastni-bydleni-za-prijemnou-cenu\/#Article","mainEntityOfPage":"https:\/\/www.bohnicka.cz\/vlastni-bydleni-za-prijemnou-cenu\/","headline":"Vlastn\u00ed bydlen\u00ed za p\u0159\u00edjemnou cenu","name":"Vlastn\u00ed bydlen\u00ed za p\u0159\u00edjemnou cenu","description":"Cenov\u011b p\u0159ijateln\u00e9 bydlen\u00ed nemus\u00ed m\u00edt podobu klasick\u00e9ho bytu, ale po\u0159\u00e1d se m\u016f\u017ee jednat o v\u00edce ne\u017e p\u0159ijateln\u00e9 bydlen\u00ed, kter\u00e9 ocen\u00ed cel\u00e1 rodina. Vlastn\u00ed bydlen\u00ed za p\u0159\u00edjemnou cenu Sehnat v sou\u010dasnosti ve v\u011bt\u0161\u00edm m\u011bst\u011b alespo\u0148 garsonku, kter\u00e1 by nest\u00e1la n\u011bkolik milion\u016f,... <a class=\"more-link\" href=\"https:\/\/www.bohnicka.cz\/vlastni-bydleni-za-prijemnou-cenu\/\">Pokra\u010dovat ve \u010dten\u00ed &rarr;<\/a>","datePublished":"2020-07-13","dateModified":"2023-04-30","author":{"@type":"Person","@id":"https:\/\/www.bohnicka.cz\/author\/#Person","name":"","url":"https:\/\/www.bohnicka.cz\/author\/","identifier":1,"image":{"@type":"ImageObject","@id":"https:\/\/secure.gravatar.com\/avatar\/b70ca3e57a61efa655568ea1bab21ec867ae74beaf8b182b9ca53fe6fcb8cee7?s=96&d=mm&r=g","url":"https:\/\/secure.gravatar.com\/avatar\/b70ca3e57a61efa655568ea1bab21ec867ae74beaf8b182b9ca53fe6fcb8cee7?s=96&d=mm&r=g","height":96,"width":96}},"publisher":{"@type":"Organization","name":"bohnicka.cz","logo":{"@type":"ImageObject","@id":"\/logo.png","url":"\/logo.png","width":600,"height":60}},"image":{"@type":"ImageObject","@id":"https:\/\/www.bohnicka.cz\/wp-content\/uploads\/Bydlen%C3%AD%20nemus%C3%AD%20b%C3%BDt%20drah%C3%A9.jpg","url":"https:\/\/www.bohnicka.cz\/wp-content\/uploads\/Bydlen%C3%AD%20nemus%C3%AD%20b%C3%BDt%20drah%C3%A9.jpg","height":0,"width":0},"url":"https:\/\/www.bohnicka.cz\/vlastni-bydleni-za-prijemnou-cenu\/","about":["Pen\u00edze"],"wordCount":443,"articleBody":"   Cenov\u011b p\u0159ijateln\u00e9 bydlen\u00ed nemus\u00ed m\u00edt podobu klasick\u00e9ho bytu, ale po\u0159\u00e1d se m\u016f\u017ee jednat o v\u00edce ne\u017e p\u0159ijateln\u00e9 bydlen\u00ed, kter\u00e9 ocen\u00ed cel\u00e1 rodina.Vlastn\u00ed bydlen\u00ed za p\u0159\u00edjemnou cenuSehnat v sou\u010dasnosti ve v\u011bt\u0161\u00edm m\u011bst\u011b alespo\u0148 garsonku, kter\u00e1 by nest\u00e1la n\u011bkolik milion\u016f, je tak\u0159ka nad\u017eivotn\u00ed \u00fakol. Je pravdou, \u017ee byty se prost\u011b nestav\u00ed a d\u00edky tomu jde jejich cena nahoru. V men\u0161\u00edch obc\u00edch do dvaceti tis\u00edc obyvatel je situace o n\u011bco lep\u0161\u00ed, ale tak\u00e9 to nen\u00ed \u00fapln\u011b nejr\u016f\u017eov\u011bj\u0161\u00ed. Nav\u00edc, bydlet na mal\u00e9m m\u011bst\u011b znamen\u00e1 sn\u00ed\u017eenou mo\u017enost sehnat si adekv\u00e1tn\u00ed pr\u00e1ci. Nen\u00ed to tedy jednoduch\u00e9 rozhodov\u00e1n\u00ed.Na\u0161t\u011bst\u00ed existuje je\u0161t\u011b t\u0159et\u00ed cesta. Nemus\u00edte se st\u011bhovat za ka\u017edou cenu n\u011bkam na vesnici ani se nemus\u00edte zadlu\u017eit po zbytek sv\u00e9ho \u017eivota kv\u016fli p\u00e1r metr\u016fm \u010dtvere\u010dn\u00edm bydlen\u00ed. Sta\u010d\u00ed jen vybrat si n\u011bkter\u00fd z levn\u00fdch mobiln\u00edch dom\u016f, kter\u00e9 jsou u n\u00e1s k m\u00e1n\u00ed.\u0160irok\u00fd v\u00fdb\u011brJe pravdou, \u017ee st\u00e1le mnoho lid\u00ed m\u00e1 ohledn\u011b tohoto druhu bydlen\u00ed trochu myln\u00e9 p\u0159edstavy. Rozhodn\u011b ale nejde o \u017e\u00e1dn\u00e1 p\u0159echodn\u00e1 bydli\u0161t\u011b typu karavany, ale plnohodnotn\u00e9 bydlen\u00ed, kde mohou \u017e\u00edt v poklidu a pohodln\u011b i rodiny s d\u011btmi. Samoz\u0159ejm\u011b z\u00e1le\u017e\u00ed hodn\u011b na tom, kterou verzi si vyberete. Existuj\u00ed i takov\u00e9, kter\u00e9 se nedaj\u00ed pou\u017e\u00edvat celoro\u010dn\u011b, ov\u0161em ty se vyu\u017e\u00edvaj\u00ed k jin\u00e9mu \u00fa\u010delu, ne\u017e je bydlen\u00ed. V nab\u00eddce je dnes daleko v\u00edce model\u016f, kter\u00e9 m\u016f\u017eete ob\u00fdvat po cel\u00fd rok bez nutnosti b\u00fdt v zimn\u00edch m\u011bs\u00edc\u00edch celou dobu zabaleni do dek. Tato obydl\u00ed toti\u017e disponuj\u00ed velice kvalitn\u00edm zateplen\u00edm a rovn\u011b\u017e jsou po obvodu chr\u00e1n\u011bn\u00e9 i zvukovou izolac\u00ed.Dob\u0159e jsou na tom i co se t\u00fd\u010de vybaven\u00ed interi\u00e9ru. Ano, mobiln\u00ed domy nov\u00e9, ale i t\u011bch p\u0159ede\u0161l\u00fdch generac\u00ed, jsou kompletn\u011b za\u0159\u00edzeny. Najdete v nich v\u0161e pot\u0159ebn\u00e9 k pohodln\u00e9mu \u017eivotu. N\u00e1bytek i elektroniku. To je skv\u011bl\u00e9 v tom, \u017ee nemus\u00edte u\u017e dokupovat \u017e\u00e1dn\u00e9 dal\u0161\u00ed za\u0159\u00edzen\u00ed. V\u0161e najdete na m\u00edst\u011b. Co se t\u00fd\u010de rozm\u011br\u016f jednotliv\u00fdch pokoj\u016f, tam to takov\u00e1 sl\u00e1va nen\u00ed, ale po\u0159\u00e1d se jedn\u00e1 o docela velk\u00e9 m\u00edstnosti, kter\u00e9 jsou v tomto ohledu srovnateln\u00e9 s pokoji v panel\u00e1kov\u00fdch bytech. Za skv\u011blou cenu tak m\u016f\u017eete bydlet v klidu a pohod\u011b. A to za to stoj\u00ed.                                                                                                                                                                                                                                                                                                                                                                                          4.5\/5 - (6 votes)        "},{"@context":"https:\/\/schema.org\/","@type":"BreadcrumbList","itemListElement":[{"@type":"ListItem","position":1,"name":"Vlastn\u00ed bydlen\u00ed za p\u0159\u00edjemnou cenu","item":"https:\/\/www.bohnicka.cz\/vlastni-bydleni-za-prijemnou-cenu\/#breadcrumbitem"}]}]