[{"@context":"https:\/\/schema.org\/","@type":"Article","@id":"https:\/\/www.bohnicka.cz\/udrzitelna-moda\/#Article","mainEntityOfPage":"https:\/\/www.bohnicka.cz\/udrzitelna-moda\/","headline":"Udr\u017eiteln\u00e1 m\u00f3da","name":"Udr\u017eiteln\u00e1 m\u00f3da","description":"Kdo z n\u00e1s u\u017e n\u011bkdy neza\u017eil ten pocit r\u00e1no p\u0159ed \u0161atn\u00edkem. Co jen si dnes vezmu na sebe? Budou to dnes trendy kv\u011btovan\u00e9 \u0161aty, nebo \u00a0modr\u00fd kalhotov\u00fd kost\u00fdm? A nebo se dnes sp\u00ed\u0161e c\u00edt\u00edm na tenisky a d\u017e\u00edny a b\u00edl\u00e9... <a class=\"more-link\" href=\"https:\/\/www.bohnicka.cz\/udrzitelna-moda\/\">Pokra\u010dovat ve \u010dten\u00ed &rarr;<\/a>","datePublished":"2021-11-08","dateModified":"2023-04-30","author":{"@type":"Person","@id":"https:\/\/www.bohnicka.cz\/author\/#Person","name":"","url":"https:\/\/www.bohnicka.cz\/author\/","identifier":1,"image":{"@type":"ImageObject","@id":"https:\/\/secure.gravatar.com\/avatar\/b70ca3e57a61efa655568ea1bab21ec867ae74beaf8b182b9ca53fe6fcb8cee7?s=96&d=mm&r=g","url":"https:\/\/secure.gravatar.com\/avatar\/b70ca3e57a61efa655568ea1bab21ec867ae74beaf8b182b9ca53fe6fcb8cee7?s=96&d=mm&r=g","height":96,"width":96}},"publisher":{"@type":"Organization","name":"bohnicka.cz","logo":{"@type":"ImageObject","@id":"\/logo.png","url":"\/logo.png","width":600,"height":60}},"image":{"@type":"ImageObject","@id":"https:\/\/www.bohnicka.cz\/wp-content\/uploads\/pap%C3%ADrov%C3%A1%20ta%C5%A1ka_2.jpg","url":"https:\/\/www.bohnicka.cz\/wp-content\/uploads\/pap%C3%ADrov%C3%A1%20ta%C5%A1ka_2.jpg","height":0,"width":0},"url":"https:\/\/www.bohnicka.cz\/udrzitelna-moda\/","about":["M\u00f3da"],"wordCount":522,"articleBody":"Kdo z n\u00e1s u\u017e n\u011bkdy neza\u017eil ten pocit r\u00e1no p\u0159ed \u0161atn\u00edkem. Co jen si dnes vezmu na sebe? Budou to dnes trendy kv\u011btovan\u00e9 \u0161aty, nebo \u00a0modr\u00fd kalhotov\u00fd kost\u00fdm? A nebo se dnes sp\u00ed\u0161e c\u00edt\u00edm na tenisky a d\u017e\u00edny a b\u00edl\u00e9 triko. Ka\u017ed\u00e1 z n\u00e1s m\u00e1 sv\u016fj \u0161atn\u00edk nabyt\u00fd mno\u017estv\u00edm oble\u010den\u00edm, kter\u00e9 nos\u00edme jen v l\u00e9t\u011b\u00a0\u00a0a nebo jen v zim\u011b. Dokonce m\u00e1 ka\u017ed\u00e1 z n\u00e1s i oble\u010den\u00ed ur\u010den\u00e9, a\u017e zhubnu a nebo kdybych zase p\u0159ibrala a\u0165 m\u00e1m co nosit. Pro\u010d \u00a0V\u00e1m to \u0159\u00edk\u00e1m? Proto\u017ee, jedna moudr\u00e1 \u017eena kdysi pravila, sta\u010d\u00ed ti pouze tolik oble\u010den\u00ed, kter\u00e9 si schopna udr\u017eet v po\u0159\u00e1dku a p\u0159ehlednosti. Jen tolik oble\u010den\u00ed kolik ti samotn\u00e9 p\u0159in\u00e1\u0161\u00ed radost. Jen takov\u00e9 barvy, v kter\u00fdch se c\u00edt\u00ed\u0161 spokojen\u00e1. Opravdu v \u0161atn\u00edku pot\u0159ebujeme desatery kalhoty? D\u017e\u00ednov\u00e9, \u010dern\u00e9 a modr\u00e9. P\u0159ipom\u00edn\u00e1 V\u00e1m to d\u011blen\u00ed V\u00e1\u0161 \u0161atn\u00edk. Oble\u010den\u00ed na cvi\u010den\u00ed, na hory, na proch\u00e1zku, do pr\u00e1ce a na ve\u010d\u00edrek .A dal\u0161\u00ed dvacatery \u0161aty, patn\u00e1ctery boty a o dopl\u0148c\u00edch\u00a0\u00a0u\u017e rad\u0161i nemluv\u00edm. Tradi\u010dn\u011b se doporu\u010duje st\u0159\u00eddmost v j\u00eddle, v oble\u010den\u00ed by to platit m\u011blo tak\u00e9.N\u00e1kup nov\u00e9ho oble\u010den\u00ed.Jen si p\u0159edstavte \u0161atn\u00edk, ke kter\u00e9mu r\u00e1no p\u0159ijdete a nab\u00edz\u00ed V\u00e1m jen n\u011bkolik mo\u017enost\u00ed, p\u011bkn\u011b srovnan\u00fdch\u00a0ur\u010dit\u011b si vyberete l\u00e9pe ne\u017e z nacpan\u00e9 sk\u0159\u00edn\u011b k prasknut\u00ed. Kdy\u017e u\u017e jsme u toho m\u00edsta. Mysl\u00edm, \u017ee i oble\u010den\u00ed pot\u0159ebuje m\u00edt sv\u00e9 st\u00e1l\u00e9 m\u00edsto pro sv\u016fj odpo\u010dinek. Kdy\u017e p\u0159ijdete dom\u016f po pr\u00e1ci, r\u00e1di ze sebe sund\u00e1te pracovn\u00ed oble\u010den\u00ed a oble\u010dete si pohodln\u00e9 oble\u010den\u00ed. P\u0159esn\u011b to, kter\u00e9 na V\u00e1s cel\u00fd den \u010dekalo slo\u017een\u00e9 ve sk\u0159\u00edni.R\u00e1da bych V\u00e1m\u00a0t\u00edmto sd\u011blila je\u0161t\u011b jeden tip. Kdy\u017e u\u017e si opravdu mus\u00edte koupit nov\u00fd kousek do \u0161atn\u00edku, p\u0159em\u00fd\u0161lejte s kter\u00fdm se rozlou\u010d\u00edte a nejl\u00e9pe kus za kus. Chcete si koupit nov\u00fd kab\u00e1t? Ano, tak ten star\u00fd vyho\u010fte, nebo prodejte, ano sly\u0161\u00edte dob\u0159e. Zdr\u017ete se hromad\u011bn\u00ed v\u011bc\u00ed. Pros\u00edm zdr\u017ete se i \u00a0darov\u00e1n\u00ed obno\u0161en\u00e9ho oble\u010den\u00ed kamar\u00e1dk\u00e1m, mamince a nebo sest\u0159e. Kdy\u017e u\u017e m\u00e1te touhu darovat vyu\u017eijte sb\u011brn\u00fdch m\u00edst. Tam oble\u010den\u00ed najde sv\u00e9ho nov\u00e9ho majitele, kter\u00fd bude jist\u011b \u0161\u0165astn\u00fd. Va\u0161e maminka nebo sestra by mohla b\u00fdt rozpa\u010dit\u00e1 nebo dotknut\u00e1, \u017ee nev\u011b\u0159\u00edte v jej\u00ed schopnost sama si udr\u017eet \u0161atn\u00edk podle sv\u00e9ho vkusu.Kolob\u011bh oble\u010den\u00edSnad V\u00e1m t\u011bchto p\u00e1r rad pom\u016f\u017ee p\u0159\u00ed\u0161t\u011b p\u0159i \u00faklidu \u0161atn\u00edku a nebo p\u0159i rozhodov\u00e1n\u00ed n\u00e1kupu nov\u00e9ho kousku.\u00a0                                                                                                                                                                                                                                                                                                                                                                                        4.3\/5 - (7 votes)        "},{"@context":"https:\/\/schema.org\/","@type":"BreadcrumbList","itemListElement":[{"@type":"ListItem","position":1,"name":"Udr\u017eiteln\u00e1 m\u00f3da","item":"https:\/\/www.bohnicka.cz\/udrzitelna-moda\/#breadcrumbitem"}]}]