[{"@context":"https:\/\/schema.org\/","@type":"Article","@id":"https:\/\/www.bohnicka.cz\/pripravte-deti-na-novou-skolu\/#Article","mainEntityOfPage":"https:\/\/www.bohnicka.cz\/pripravte-deti-na-novou-skolu\/","headline":"P\u0159ipravte d\u011bti na novou \u0161kolu","name":"P\u0159ipravte d\u011bti na novou \u0161kolu","description":"P\u0159echod ze z\u00e1kladn\u00ed \u0161koly na u\u010dili\u0161t\u011b, st\u0159edn\u00ed \u0161kolu \u010di gymn\u00e1zium je d\u016fle\u017eit\u00fd \u017eivotn\u00ed krok, kter\u00fd m\u016f\u017ee siln\u011b ovlivnit budouc\u00ed \u017eivot va\u0161eho d\u00edt\u011bte. Zkuste na to d\u00edt\u011b p\u0159ipravit dop\u0159edu, tak aby pro n\u011bj stres byl co nejmen\u0161\u00ed a t\u00edm p\u00e1dem i... <a class=\"more-link\" href=\"https:\/\/www.bohnicka.cz\/pripravte-deti-na-novou-skolu\/\">Pokra\u010dovat ve \u010dten\u00ed &rarr;<\/a>","datePublished":"2022-06-12","dateModified":"2023-04-30","author":{"@type":"Person","@id":"https:\/\/www.bohnicka.cz\/author\/#Person","name":"","url":"https:\/\/www.bohnicka.cz\/author\/","identifier":1,"image":{"@type":"ImageObject","@id":"https:\/\/secure.gravatar.com\/avatar\/b70ca3e57a61efa655568ea1bab21ec867ae74beaf8b182b9ca53fe6fcb8cee7?s=96&d=mm&r=g","url":"https:\/\/secure.gravatar.com\/avatar\/b70ca3e57a61efa655568ea1bab21ec867ae74beaf8b182b9ca53fe6fcb8cee7?s=96&d=mm&r=g","height":96,"width":96}},"publisher":{"@type":"Organization","name":"bohnicka.cz","logo":{"@type":"ImageObject","@id":"\/logo.png","url":"\/logo.png","width":600,"height":60}},"image":{"@type":"ImageObject","@id":"https:\/\/www.bohnicka.cz\/wp-content\/uploads\/%C5%A1atna_1.jpg","url":"https:\/\/www.bohnicka.cz\/wp-content\/uploads\/%C5%A1atna_1.jpg","height":0,"width":0},"url":"https:\/\/www.bohnicka.cz\/pripravte-deti-na-novou-skolu\/","about":["Zbo\u017e\u00ed"],"wordCount":455,"articleBody":"        P\u0159echod ze z\u00e1kladn\u00ed \u0161koly na u\u010dili\u0161t\u011b, st\u0159edn\u00ed \u0161kolu \u010di gymn\u00e1zium je d\u016fle\u017eit\u00fd \u017eivotn\u00ed krok, kter\u00fd m\u016f\u017ee siln\u011b ovlivnit budouc\u00ed \u017eivot va\u0161eho d\u00edt\u011bte. Zkuste na to d\u00edt\u011b p\u0159ipravit dop\u0159edu, tak aby pro n\u011bj stres byl co nejmen\u0161\u00ed a t\u00edm p\u00e1dem i vstup do dal\u0161\u00ed kapitoly \u017eivota byl co nejv\u00edce p\u0159\u00edjemn\u00fd.1. P\u0159\u00edprava na prost\u0159ed\u00edZn\u00e1te \u0161kolu, kam bude d\u00edt\u011b chodit? M\u00e1te mo\u017enost se tam s d\u00edt\u011btem pod\u00edvat? Pokud je mo\u017enost danou \u0161kolu nav\u0161t\u00edvit v r\u00e1mci dn\u016f otev\u0159en\u00fdch dve\u0159\u00ed, je to ide\u00e1ln\u00ed p\u0159\u00edle\u017eitost, kter\u00e9 je d\u016fle\u017eit\u00e9 vyu\u017e\u00edt. D\u00edt\u011b se toti\u017e sezn\u00e1m\u00ed nejen s nov\u00fdm prost\u0159ed\u00edm ale taky nav\u00edc m\u016f\u017ee poznat budouc\u00ed u\u010ditele. Zajd\u011bte se pod\u00edvat i na intern\u00e1t, pokud bude nutn\u00e9 aby na n\u011bm d\u00edt\u011b bylo, proto\u017ee pokud v\u00e1m bude p\u0159ipadat nep\u0159ijateln\u00fd, m\u00e1te mo\u017enost naj\u00edt alternativn\u00ed bydlen\u00ed.2. P\u0159\u00edprava na v\u00fdukuDostali jste seznam v\u011bc\u00ed, kter\u00e9 je nutn\u00e9 po\u0159\u00eddit p\u0159ed za\u010d\u00e1tkem v\u00fduky? Do jejich nakupov\u00e1n\u00ed se pus\u0165te brzy, koncem srpna se v\u00e1m budou n\u011bkter\u00e9 v\u011bci velice \u0161patn\u011b sh\u00e1n\u011bt a to nejhor\u0161\u00ed co m\u016f\u017eete d\u00edt\u011bti ud\u011blat je poslat jej na \u0161kolu nedostate\u010dn\u011b vybaven\u00e9. T\u0159eba na n\u011bkter\u00fdch \u0161kol\u00e1ch nastupuj\u00ed d\u011bti hned druh\u00fd a\u017e t\u0159et\u00ed t\u00fdden na praxe a m\u016f\u017eou pot\u0159ebovat ur\u010dit\u00e9 v\u011bci, jako je t\u0159eba kucha\u0159sk\u00fd rondon Apronista, by\u0165 ten v\u011bt\u0161inou u student\u016f po\u017eadov\u00e1n nen\u00ed. Samoz\u0159ejm\u011b t\u0159eba v p\u0159\u00edpad\u011b gymn\u00e1zi\u00ed tohle moc nemus\u00edte \u0159e\u0161it, za to budete m\u00edt mo\u017en\u00e1 v\u00edce probl\u00e9m se sh\u00e1n\u011bn\u00edm u\u010debnic. Jejich seznam v\u011bt\u0161inou d\u011bti dostanou a\u017e v z\u00e1\u0159\u00ed a o to v\u011bt\u0161\u00ed je pot\u00e9 shon po ur\u010dit\u00fdch u\u010debnic\u00edch, kter\u00e9 najednou ve m\u011bst\u011b bude sh\u00e1n\u011bt t\u0159icet a\u017e \u0161edes\u00e1t d\u011bt\u00ed. Knihkupectv\u00ed samoz\u0159ejm\u011b takov\u00e9 z\u00e1soby nemaj\u00ed a vznik\u00e1 tak m\u00edrn\u00fd p\u0159etlak.Pokud si mysl\u00edte, \u017ee je pro d\u00edt\u011b p\u0159estup na st\u0159edn\u00ed \u0161kolu extr\u00e9mn\u011b n\u00e1ro\u010dn\u00fd a nem\u00e1 ve \u0161kole \u017e\u00e1dn\u00e9ho kamar\u00e1da, kter\u00fd by \u0161el na \u0161kolu s n\u00edm, zkuste d\u00edt\u011b podpo\u0159it v tom, aby si zkusil naj\u00edt mezi budouc\u00edmi spolu\u017e\u00e1ky kamar\u00e1da p\u0159edem, d\u00edky internetu nen\u00ed probl\u00e9m nov\u00e9 spolu\u017e\u00e1ky naj\u00edt.                                                                                                                                                                                                                                                                                                                                                                                          3.6\/5 - (14 votes)        "},{"@context":"https:\/\/schema.org\/","@type":"BreadcrumbList","itemListElement":[{"@type":"ListItem","position":1,"name":"P\u0159ipravte d\u011bti na novou \u0161kolu","item":"https:\/\/www.bohnicka.cz\/pripravte-deti-na-novou-skolu\/#breadcrumbitem"}]}]