[{"@context":"https:\/\/schema.org\/","@type":"Article","@id":"https:\/\/www.bohnicka.cz\/nabidka-nasich-stresnich-oken-je-prvotridni\/#Article","mainEntityOfPage":"https:\/\/www.bohnicka.cz\/nabidka-nasich-stresnich-oken-je-prvotridni\/","headline":"Nab\u00eddka na\u0161ich st\u0159e\u0161n\u00edch oken je prvot\u0159\u00eddn\u00ed","name":"Nab\u00eddka na\u0161ich st\u0159e\u0161n\u00edch oken je prvot\u0159\u00eddn\u00ed","description":"St\u0159e\u0161n\u00ed okna L\u00edb\u00ed se V\u00e1m n\u00e1mi nab\u00edzen\u00e1 st\u0159e\u0161n\u00ed okna a pr\u00e1v\u011b \u0159e\u0161\u00edte dopravu k V\u00e1m dom\u016f? U\u017e nemus\u00edte. Okna V\u00e1m p\u0159ivezeme do t\u00fddne od obdr\u017een\u00ed Va\u0161\u00ed objedn\u00e1vky. Pokud cena Va\u0161\u00ed objedn\u00e1vky je vy\u0161\u0161\u00ed ne\u017e 5 000 K\u010d, tak V\u00e1m je... <a class=\"more-link\" href=\"https:\/\/www.bohnicka.cz\/nabidka-nasich-stresnich-oken-je-prvotridni\/\">Pokra\u010dovat ve \u010dten\u00ed &rarr;<\/a>","datePublished":"2024-11-16","dateModified":"2024-11-16","author":{"@type":"Person","@id":"https:\/\/www.bohnicka.cz\/author\/#Person","name":"","url":"https:\/\/www.bohnicka.cz\/author\/","identifier":1,"image":{"@type":"ImageObject","@id":"https:\/\/secure.gravatar.com\/avatar\/b70ca3e57a61efa655568ea1bab21ec867ae74beaf8b182b9ca53fe6fcb8cee7?s=96&d=mm&r=g","url":"https:\/\/secure.gravatar.com\/avatar\/b70ca3e57a61efa655568ea1bab21ec867ae74beaf8b182b9ca53fe6fcb8cee7?s=96&d=mm&r=g","height":96,"width":96}},"publisher":{"@type":"Organization","name":"bohnicka.cz","logo":{"@type":"ImageObject","@id":"\/logo.png","url":"\/logo.png","width":600,"height":60}},"url":"https:\/\/www.bohnicka.cz\/nabidka-nasich-stresnich-oken-je-prvotridni\/","wordCount":157,"articleBody":"St\u0159e\u0161n\u00ed oknaL\u00edb\u00ed se V\u00e1m n\u00e1mi nab\u00edzen\u00e1 st\u0159e\u0161n\u00ed okna a pr\u00e1v\u011b \u0159e\u0161\u00edte dopravu k V\u00e1m dom\u016f? U\u017e nemus\u00edte. Okna V\u00e1m p\u0159ivezeme do t\u00fddne od obdr\u017een\u00ed Va\u0161\u00ed objedn\u00e1vky. Pokud cena Va\u0161\u00ed objedn\u00e1vky je vy\u0161\u0161\u00ed ne\u017e 5 000 K\u010d, tak V\u00e1m je p\u0159ivezeme zcela zdarma. Pokud je ni\u017e\u0161\u00ed, tak n\u00e1m zaplat\u00edte symbolick\u00fdch 170 K\u010d.V\u00fdlezy TOSOV\u00fdlezy TOSO jsou nov\u00fdm p\u0159\u00edslu\u0161enstv\u00edm ke st\u0159e\u0161n\u00edm okn\u016fm. M\u016f\u017eete si zvolit otv\u00edr\u00e1n\u00ed ze spodu nebo z boku. Instalace je velmi jednoduch\u00e1, sta\u010d\u00ed se dr\u017eet instala\u010dn\u00edho n\u00e1vodu. V\u00fdlezy se mohou pou\u017e\u00edt na ploch\u00e9 i profilovan\u00e9 krytiny, na st\u0159echu se sklonem vy\u0161\u0161\u00edm ne\u017e 15 stup\u0148\u016f. Je zde pou\u017eito velmi kvalitn\u00ed sklo a \u0161edo\u010dern\u00e9 lemov\u00e1n\u00ed odoln\u00e9 v\u016f\u010di UV paprsk\u016fm.                                                                                                                                                                                                                                                                                                                                                                                        4.7\/5 - (4 votes)        "},{"@context":"https:\/\/schema.org\/","@type":"BreadcrumbList","itemListElement":[{"@type":"ListItem","position":1,"name":"Nab\u00eddka na\u0161ich st\u0159e\u0161n\u00edch oken je prvot\u0159\u00eddn\u00ed","item":"https:\/\/www.bohnicka.cz\/nabidka-nasich-stresnich-oken-je-prvotridni\/#breadcrumbitem"}]}]