{"@context":"https:\/\/schema.org\/","@type":"CollectionPage","@id":"https:\/\/www.bohnicka.cz\/moda\/#CollectionPage","headline":"M\u00f3da Category","description":"","url":"https:\/\/www.bohnicka.cz\/moda\/","hasPart":[{"@type":"Article","@id":"https:\/\/www.bohnicka.cz\/ktere-fashion-kousky-by-nemeli-ve-vasem-satniku-chybet\/","headline":"Kter\u00e9 fashion kousky by nem\u011bli ve va\u0161em \u0161atn\u00edku chyb\u011bt?","url":"https:\/\/www.bohnicka.cz\/ktere-fashion-kousky-by-nemeli-ve-vasem-satniku-chybet\/","datePublished":"2022-03-02","dateModified":"2023-04-30","mainEntityOfPage":"https:\/\/www.bohnicka.cz\/ktere-fashion-kousky-by-nemeli-ve-vasem-satniku-chybet\/","author":{"@type":"Person","@id":"https:\/\/www.bohnicka.cz\/author\/#Person","name":"","url":"https:\/\/www.bohnicka.cz\/author\/","identifier":1,"image":{"@type":"ImageObject","@id":"https:\/\/secure.gravatar.com\/avatar\/b70ca3e57a61efa655568ea1bab21ec867ae74beaf8b182b9ca53fe6fcb8cee7?s=96&d=mm&r=g","url":"https:\/\/secure.gravatar.com\/avatar\/b70ca3e57a61efa655568ea1bab21ec867ae74beaf8b182b9ca53fe6fcb8cee7?s=96&d=mm&r=g","height":96,"width":96}},"publisher":{"@type":"Organization","name":"bohnicka.cz","logo":{"@type":"ImageObject","@id":"\/logo.png","url":"\/logo.png","width":600,"height":60}},"image":{"@type":"ImageObject","@id":"https:\/\/www.bohnicka.cz\/wp-content\/uploads\/svetr_2.jpg","url":"https:\/\/www.bohnicka.cz\/wp-content\/uploads\/svetr_2.jpg","height":0,"width":0},"keywords":null},{"@type":"Article","@id":"https:\/\/www.bohnicka.cz\/udrzitelna-moda\/","headline":"Udr\u017eiteln\u00e1 m\u00f3da","url":"https:\/\/www.bohnicka.cz\/udrzitelna-moda\/","datePublished":"2021-11-08","dateModified":"2023-04-30","mainEntityOfPage":"https:\/\/www.bohnicka.cz\/udrzitelna-moda\/","author":{"@type":"Person","@id":"https:\/\/www.bohnicka.cz\/author\/#Person","name":"","url":"https:\/\/www.bohnicka.cz\/author\/","identifier":1,"image":{"@type":"ImageObject","@id":"https:\/\/secure.gravatar.com\/avatar\/b70ca3e57a61efa655568ea1bab21ec867ae74beaf8b182b9ca53fe6fcb8cee7?s=96&d=mm&r=g","url":"https:\/\/secure.gravatar.com\/avatar\/b70ca3e57a61efa655568ea1bab21ec867ae74beaf8b182b9ca53fe6fcb8cee7?s=96&d=mm&r=g","height":96,"width":96}},"publisher":{"@type":"Organization","name":"bohnicka.cz","logo":{"@type":"ImageObject","@id":"\/logo.png","url":"\/logo.png","width":600,"height":60}},"image":{"@type":"ImageObject","@id":"https:\/\/www.bohnicka.cz\/wp-content\/uploads\/pap%C3%ADrov%C3%A1%20ta%C5%A1ka_2.jpg","url":"https:\/\/www.bohnicka.cz\/wp-content\/uploads\/pap%C3%ADrov%C3%A1%20ta%C5%A1ka_2.jpg","height":0,"width":0},"keywords":null},{"@type":"Article","@id":"https:\/\/www.bohnicka.cz\/vhodne-obleceni-do-skoly\/","headline":"Vhodn\u00e9 oble\u010den\u00ed do \u0161koly","url":"https:\/\/www.bohnicka.cz\/vhodne-obleceni-do-skoly\/","datePublished":"2021-09-22","dateModified":"2023-04-30","mainEntityOfPage":"https:\/\/www.bohnicka.cz\/vhodne-obleceni-do-skoly\/","author":{"@type":"Person","@id":"https:\/\/www.bohnicka.cz\/author\/#Person","name":"","url":"https:\/\/www.bohnicka.cz\/author\/","identifier":1,"image":{"@type":"ImageObject","@id":"https:\/\/secure.gravatar.com\/avatar\/b70ca3e57a61efa655568ea1bab21ec867ae74beaf8b182b9ca53fe6fcb8cee7?s=96&d=mm&r=g","url":"https:\/\/secure.gravatar.com\/avatar\/b70ca3e57a61efa655568ea1bab21ec867ae74beaf8b182b9ca53fe6fcb8cee7?s=96&d=mm&r=g","height":96,"width":96}},"publisher":{"@type":"Organization","name":"bohnicka.cz","logo":{"@type":"ImageObject","@id":"\/logo.png","url":"\/logo.png","width":600,"height":60}},"image":{"@type":"ImageObject","@id":"https:\/\/www.bohnicka.cz\/wp-content\/uploads\/d%C3%ADvky.JPG","url":"https:\/\/www.bohnicka.cz\/wp-content\/uploads\/d%C3%ADvky.JPG","height":0,"width":0},"keywords":null}]}