[{"@context":"https:\/\/schema.org\/","@type":"Article","@id":"https:\/\/www.bohnicka.cz\/kdyz-garazova-vrata-tak-bez-kridel\/#Article","mainEntityOfPage":"https:\/\/www.bohnicka.cz\/kdyz-garazova-vrata-tak-bez-kridel\/","headline":"Kdy\u017e gar\u00e1\u017eov\u00e1 vrata, tak bez k\u0159\u00eddel","name":"Kdy\u017e gar\u00e1\u017eov\u00e1 vrata, tak bez k\u0159\u00eddel","description":"Kdy\u017e se \u0159ekne, \u017ee n\u011bkdo n\u011bkomu \u201ep\u0159ist\u0159ihne k\u0159\u00eddla\u201c, znamen\u00e1 to, \u017ee doty\u010dn\u00e1 osobnost nem\u00e1 takov\u00e9 mo\u017enosti rozletu a b\u00fdv\u00e1 ve sv\u00e9m \u017eivot\u011b velmi omezena ve sv\u00e9m projevu a tvorb\u011b. Kdy\u017e mi ale n\u011bkdo navrhne \u201ep\u0159ist\u0159ihnout k\u0159\u00eddla\u201c u m\u00e9 gar\u00e1\u017ee, budu... <a class=\"more-link\" href=\"https:\/\/www.bohnicka.cz\/kdyz-garazova-vrata-tak-bez-kridel\/\">Pokra\u010dovat ve \u010dten\u00ed &rarr;<\/a>","datePublished":"2025-12-14","dateModified":"2025-12-14","author":{"@type":"Person","@id":"https:\/\/www.bohnicka.cz\/author\/#Person","name":"","url":"https:\/\/www.bohnicka.cz\/author\/","identifier":1,"image":{"@type":"ImageObject","@id":"https:\/\/secure.gravatar.com\/avatar\/b70ca3e57a61efa655568ea1bab21ec867ae74beaf8b182b9ca53fe6fcb8cee7?s=96&d=mm&r=g","url":"https:\/\/secure.gravatar.com\/avatar\/b70ca3e57a61efa655568ea1bab21ec867ae74beaf8b182b9ca53fe6fcb8cee7?s=96&d=mm&r=g","height":96,"width":96}},"publisher":{"@type":"Organization","name":"bohnicka.cz","logo":{"@type":"ImageObject","@id":"\/logo.png","url":"\/logo.png","width":600,"height":60}},"image":{"@type":"ImageObject","@id":"https:\/\/www.bohnicka.cz\/wp-content\/uploads\/real-estate-475875_640_10_10_10_10.jpg","url":"https:\/\/www.bohnicka.cz\/wp-content\/uploads\/real-estate-475875_640_10_10_10_10.jpg","height":0,"width":0},"url":"https:\/\/www.bohnicka.cz\/kdyz-garazova-vrata-tak-bez-kridel\/","about":["Zbo\u017e\u00ed"],"wordCount":426,"articleBody":"         Kdy\u017e se \u0159ekne, \u017ee n\u011bkdo n\u011bkomu \u201ep\u0159ist\u0159ihne k\u0159\u00eddla\u201c, znamen\u00e1 to, \u017ee doty\u010dn\u00e1 osobnost nem\u00e1 takov\u00e9 mo\u017enosti rozletu a b\u00fdv\u00e1 ve sv\u00e9m \u017eivot\u011b velmi omezena ve sv\u00e9m projevu a tvorb\u011b. Kdy\u017e mi ale n\u011bkdo navrhne \u201ep\u0159ist\u0159ihnout k\u0159\u00eddla\u201c u m\u00e9 gar\u00e1\u017ee, budu s nad\u0161en\u00edm souhlasit. Nesn\u00e1\u0161\u00edm toti\u017e k\u0159\u00eddlov\u00e1 vrata u gar\u00e1\u017ee, p\u0159ipadaj\u00ed mi t\u011b\u017ekop\u00e1dn\u00e1 a nemotorn\u00e1. Jakmile zaduje siln\u011bj\u0161\u00ed v\u00edtr a vytrhne mi je z ruky, t\u0159\u00edskne s nimi o ze\u010f a vrata se mohou vylomit z pant\u016f. Pokud p\u0159ed vraty nasn\u011b\u017e\u00ed a j\u00e1 pot\u0159ebuji rychle vyjet z gar\u00e1\u017ee, mus\u00edm nejprve odh\u00e1zet kvanta sn\u011bhu, aby se vrata mohla otev\u0159\u00edt. A jsou-li vrata d\u0159ev\u011bn\u00e1, mus\u00ed se nat\u00edrat a j\u00e1 si u\u017e v \u017eivot\u011b u\u017eil tolik n\u00e1t\u011br\u016f dve\u0159\u00ed a oken, \u017ee u\u017e bych to znovu absolvovat necht\u011bl.Na\u0161t\u011bst\u00ed m\u00e1m srovn\u00e1n\u00ed. Pro\u017eil jsem toti\u017e \u010d\u00e1st sv\u00e9ho \u017eivota s vraty k\u0159\u00eddlov\u00fdmi i v\u00fdklopn\u00fdmi. Ta v\u00fdklopn\u00e1, to je n\u011bco jako Mercedes. Ta k\u0159\u00eddlov\u00e1, to je Trabant. A te\u010f se proje\u010fte v Trabantu a u\u017eijte si t\u011b\u017ekop\u00e1dnou a pomalou j\u00edzdu, abyste pak mohli usednout do Mercedesu a stejnou tra\u0165 projet \u00fapln\u011b jinak. Modern\u00ed plastov\u00e1 gar\u00e1\u017eov\u00e1 vrata H\u00f6rmann, v\u00fdklopn\u00e1, rolovac\u00ed nebo sek\u010dn\u00ed, jsou skute\u010dn\u00fdm Mercedesem na trhu a m\u00edt je doma, znamen\u00e1 vyhnout se typick\u00fdm probl\u00e9m\u016fm, co prov\u00e1z\u00ed zastaral\u00e9 typy gar\u00e1\u017eov\u00fdch vrat.Vrata v na\u0161\u00ed gar\u00e1\u017ei zhotovoval m\u016fj d\u011bda, truhl\u00e1\u0159sk\u00fd mistr a moc si v\u00e1\u017e\u00edm jeho pr\u00e1ce, proto\u017ee vrata vyrobil precizn\u011b i p\u0159esto, \u017ee byl ji\u017e v d\u016fchodov\u00e9m v\u011bku, ale j\u00e1 neodsuzuji jeho pr\u00e1ci, n\u00fdbr\u017e nar\u00e1\u017e\u00edm na technick\u00fd pokrok, kter\u00fd zas\u00e1hl i do t\u00e9to oblasti a nab\u00edz\u00ed n\u00e1m nyn\u00ed n\u011bco, co je lep\u0161\u00ed n\u011b\u017e Trabanty. A kdyby tu s n\u00e1mi m\u016fj d\u011bda je\u0161t\u011b byl, mo\u017en\u00e1 by se mnou souhlasil a tak\u00e9 by t\u0159eba p\u0159esedlal z Trabanta do Mercedesu.A\u0165 u\u017e doma vlastn\u00edte Trabant v podob\u011b historick\u00e9ho veter\u00e1na, anebo m\u00e1te nov\u00fd model Mercedesu, p\u0159eji v\u00e1m, abyste ob\u011b vozidla gar\u00e1\u017eovali s l\u00e1skou a s citem a m\u011bli z va\u0161ich gar\u00e1\u017eov\u00fdch vrat p\u0159inejmen\u0161\u00edm dobr\u00fd pocit.                                                                                                                                                                                                                                                                                                                                                                                          5\/5 - (1 vote)        "},{"@context":"https:\/\/schema.org\/","@type":"BreadcrumbList","itemListElement":[{"@type":"ListItem","position":1,"name":"Kdy\u017e gar\u00e1\u017eov\u00e1 vrata, tak bez k\u0159\u00eddel","item":"https:\/\/www.bohnicka.cz\/kdyz-garazova-vrata-tak-bez-kridel\/#breadcrumbitem"}]}]