{"@context":"https:\/\/schema.org\/","@type":"CollectionPage","@id":"https:\/\/www.bohnicka.cz\/auto-moto\/#CollectionPage","headline":"Auto moto Category","description":"","url":"https:\/\/www.bohnicka.cz\/auto-moto\/","hasPart":[{"@type":"Article","@id":"https:\/\/www.bohnicka.cz\/skutecne-hori-elektricke-automobily-casteji-nez-ty-klasicke\/","headline":"Skute\u010dn\u011b ho\u0159\u00ed elektrick\u00e9 automobily \u010dast\u011bji ne\u017e ty klasick\u00e9?","url":"https:\/\/www.bohnicka.cz\/skutecne-hori-elektricke-automobily-casteji-nez-ty-klasicke\/","datePublished":"2023-10-31","dateModified":"2023-11-01","mainEntityOfPage":"https:\/\/www.bohnicka.cz\/skutecne-hori-elektricke-automobily-casteji-nez-ty-klasicke\/","author":{"@type":"Person","@id":"https:\/\/www.bohnicka.cz\/author\/#Person","name":"","url":"https:\/\/www.bohnicka.cz\/author\/","identifier":1,"image":{"@type":"ImageObject","@id":"https:\/\/secure.gravatar.com\/avatar\/b70ca3e57a61efa655568ea1bab21ec867ae74beaf8b182b9ca53fe6fcb8cee7?s=96&d=mm&r=g","url":"https:\/\/secure.gravatar.com\/avatar\/b70ca3e57a61efa655568ea1bab21ec867ae74beaf8b182b9ca53fe6fcb8cee7?s=96&d=mm&r=g","height":96,"width":96}},"publisher":{"@type":"Organization","name":"bohnicka.cz","logo":{"@type":"ImageObject","@id":"\/logo.png","url":"\/logo.png","width":600,"height":60}},"image":{"@type":"ImageObject","@id":"https:\/\/www.bohnicka.cz\/wp-content\/uploads\/auto27_4.jpg","url":"https:\/\/www.bohnicka.cz\/wp-content\/uploads\/auto27_4.jpg","height":0,"width":0},"keywords":null},{"@type":"Article","@id":"https:\/\/www.bohnicka.cz\/havarie-v-aute\/","headline":"Hav\u00e1rie v aut\u011b","url":"https:\/\/www.bohnicka.cz\/havarie-v-aute\/","datePublished":"2022-06-02","dateModified":"2023-04-30","mainEntityOfPage":"https:\/\/www.bohnicka.cz\/havarie-v-aute\/","author":{"@type":"Person","@id":"https:\/\/www.bohnicka.cz\/author\/#Person","name":"","url":"https:\/\/www.bohnicka.cz\/author\/","identifier":1,"image":{"@type":"ImageObject","@id":"https:\/\/secure.gravatar.com\/avatar\/b70ca3e57a61efa655568ea1bab21ec867ae74beaf8b182b9ca53fe6fcb8cee7?s=96&d=mm&r=g","url":"https:\/\/secure.gravatar.com\/avatar\/b70ca3e57a61efa655568ea1bab21ec867ae74beaf8b182b9ca53fe6fcb8cee7?s=96&d=mm&r=g","height":96,"width":96}},"publisher":{"@type":"Organization","name":"bohnicka.cz","logo":{"@type":"ImageObject","@id":"\/logo.png","url":"\/logo.png","width":600,"height":60}},"image":{"@type":"ImageObject","@id":"https:\/\/www.bohnicka.cz\/wp-content\/uploads\/auto-g2f1d1b396_640_2.jpg","url":"https:\/\/www.bohnicka.cz\/wp-content\/uploads\/auto-g2f1d1b396_640_2.jpg","height":0,"width":0},"keywords":null},{"@type":"Article","@id":"https:\/\/www.bohnicka.cz\/pujcime-si-auto\/","headline":"P\u016fj\u010d\u00edme si auto","url":"https:\/\/www.bohnicka.cz\/pujcime-si-auto\/","datePublished":"2022-02-22","dateModified":"2023-04-30","mainEntityOfPage":"https:\/\/www.bohnicka.cz\/pujcime-si-auto\/","author":{"@type":"Person","@id":"https:\/\/www.bohnicka.cz\/author\/#Person","name":"","url":"https:\/\/www.bohnicka.cz\/author\/","identifier":1,"image":{"@type":"ImageObject","@id":"https:\/\/secure.gravatar.com\/avatar\/b70ca3e57a61efa655568ea1bab21ec867ae74beaf8b182b9ca53fe6fcb8cee7?s=96&d=mm&r=g","url":"https:\/\/secure.gravatar.com\/avatar\/b70ca3e57a61efa655568ea1bab21ec867ae74beaf8b182b9ca53fe6fcb8cee7?s=96&d=mm&r=g","height":96,"width":96}},"publisher":{"@type":"Organization","name":"bohnicka.cz","logo":{"@type":"ImageObject","@id":"\/logo.png","url":"\/logo.png","width":600,"height":60}},"image":{"@type":"ImageObject","@id":"https:\/\/www.bohnicka.cz\/wp-content\/uploads\/camper-2260094_640_1.jpg","url":"https:\/\/www.bohnicka.cz\/wp-content\/uploads\/camper-2260094_640_1.jpg","height":0,"width":0},"keywords":null},{"@type":"Article","@id":"https:\/\/www.bohnicka.cz\/autem-v-zime-techto-par-veci-se-vam-muze-hodit\/","headline":"Autem v zim\u011b? T\u011bchto p\u00e1r v\u011bc\u00ed se v\u00e1m m\u016f\u017ee hodit","url":"https:\/\/www.bohnicka.cz\/autem-v-zime-techto-par-veci-se-vam-muze-hodit\/","datePublished":"2019-12-08","dateModified":"2023-04-30","mainEntityOfPage":"https:\/\/www.bohnicka.cz\/autem-v-zime-techto-par-veci-se-vam-muze-hodit\/","author":{"@type":"Person","@id":"https:\/\/www.bohnicka.cz\/author\/#Person","name":"","url":"https:\/\/www.bohnicka.cz\/author\/","identifier":1,"image":{"@type":"ImageObject","@id":"https:\/\/secure.gravatar.com\/avatar\/b70ca3e57a61efa655568ea1bab21ec867ae74beaf8b182b9ca53fe6fcb8cee7?s=96&d=mm&r=g","url":"https:\/\/secure.gravatar.com\/avatar\/b70ca3e57a61efa655568ea1bab21ec867ae74beaf8b182b9ca53fe6fcb8cee7?s=96&d=mm&r=g","height":96,"width":96}},"publisher":{"@type":"Organization","name":"bohnicka.cz","logo":{"@type":"ImageObject","@id":"\/logo.png","url":"\/logo.png","width":600,"height":60}},"image":{"@type":"ImageObject","@id":"https:\/\/www.bohnicka.cz\/wp-content\/uploads\/img_a364135_w4369_t1576764136.jpg","url":"https:\/\/www.bohnicka.cz\/wp-content\/uploads\/img_a364135_w4369_t1576764136.jpg","height":0,"width":0},"keywords":null}]}